{"id":547,"date":"2012-05-05T23:02:36","date_gmt":"2012-05-05T23:02:36","guid":{"rendered":"http:\/\/www.lisacharlottemueller.com\/?p=547"},"modified":"2013-06-16T12:33:56","modified_gmt":"2013-06-16T12:33:56","slug":"release-konzert-hannah-kopf-band-flying-free","status":"publish","type":"post","link":"https:\/\/www.lisakuehnemann.com\/en\/release-konzert-hannah-kopf-band-flying-free\/","title":{"rendered":"Release Konzert Hannah K\u00f6pf Band &#8220;flying free&#8221; 08.05.2012"},"content":{"rendered":"<p>Liebe Leute, am Dienstag Abend ist CD Release Konzert des neuen Albums &#8220;Flying Free&#8221; der Hannah K\u00f6pf Band.<br \/>\nUm 20:30 geht&#8217;s los, im Stadtgarten!<br \/>\nMit: Denis G\u00e4bel, Jan Schreiner, Tim Dudek, Silvio Morger, Jakob K\u00fchnemann, Benjamin Schaefer, Philipp Braemswig, Eva Buchmann, Hannah K\u00f6pf &#038; mir!<br \/>\nUnd Euch!<\/p>\n","protected":false},"excerpt":{"rendered":"<p>Liebe Leute, am Dienstag Abend ist CD Release Konzert des neuen Albums &#8220;Flying Free&#8221; der Hannah K\u00f6pf Band. Um 20:30 geht&#8217;s los, im Stadtgarten! Mit: Denis G\u00e4bel, Jan Schreiner, Tim Dudek, Silvio Morger, Jakob K\u00fchnemann, Benjamin Schaefer, Philipp Braemswig, Eva Buchmann, Hannah K\u00f6pf &#038; mir! Und Euch!<\/p>\n","protected":false},"author":2,"featured_media":0,"comment_status":"open","ping_status":"open","sticky":false,"template":"","format":"standard","meta":{"footnotes":""},"categories":[1],"tags":[37,40,39,33,32,42,36,38,35,34,41],"class_list":["post-547","post","type-post","status-publish","format-standard","hentry","category-home","tag-benjamin-schaefer","tag-denis-gabel","tag-eva-buchmann","tag-flying-free","tag-hannah-kopf","tag-hannah-kopf-band","tag-jakob-kuhnemann","tag-philip-braemswig","tag-silvio-morger","tag-stadtgarten","tag-tim-dudek"],"_links":{"self":[{"href":"https:\/\/www.lisakuehnemann.com\/en\/wp-json\/wp\/v2\/posts\/547"}],"collection":[{"href":"https:\/\/www.lisakuehnemann.com\/en\/wp-json\/wp\/v2\/posts"}],"about":[{"href":"https:\/\/www.lisakuehnemann.com\/en\/wp-json\/wp\/v2\/types\/post"}],"author":[{"embeddable":true,"href":"https:\/\/www.lisakuehnemann.com\/en\/wp-json\/wp\/v2\/users\/2"}],"replies":[{"embeddable":true,"href":"https:\/\/www.lisakuehnemann.com\/en\/wp-json\/wp\/v2\/comments?post=547"}],"version-history":[{"count":8,"href":"https:\/\/www.lisakuehnemann.com\/en\/wp-json\/wp\/v2\/posts\/547\/revisions"}],"predecessor-version":[{"id":869,"href":"https:\/\/www.lisakuehnemann.com\/en\/wp-json\/wp\/v2\/posts\/547\/revisions\/869"}],"wp:attachment":[{"href":"https:\/\/www.lisakuehnemann.com\/en\/wp-json\/wp\/v2\/media?parent=547"}],"wp:term":[{"taxonomy":"category","embeddable":true,"href":"https:\/\/www.lisakuehnemann.com\/en\/wp-json\/wp\/v2\/categories?post=547"},{"taxonomy":"post_tag","embeddable":true,"href":"https:\/\/www.lisakuehnemann.com\/en\/wp-json\/wp\/v2\/tags?post=547"}],"curies":[{"name":"wp","href":"https:\/\/api.w.org\/{rel}","templated":true}]}}